{"id":12013,"date":"2026-02-03T08:53:46","date_gmt":"2026-02-03T08:53:46","guid":{"rendered":"https:\/\/www.lainesdunord.it\/astra-la-nuova-collezione-di-filati-firmata-laines-du-nord\/"},"modified":"2026-03-11T13:50:23","modified_gmt":"2026-03-11T13:50:23","slug":"astra-la-nouvelle-collection-de-fils-signee-laines-du-nord","status":"publish","type":"post","link":"https:\/\/www.lainesdunord.it\/fr\/astra-la-nouvelle-collection-de-fils-signee-laines-du-nord\/","title":{"rendered":"Astra : la nouvelle collection de fils sign\u00e9e Laines du Nord"},"content":{"rendered":"<section class=\"l-section wpb_row us_custom_b6a72ce1 height_auto\"><div class=\"l-section-h i-cf\"><div class=\"g-cols vc_row via_grid cols_1 laptops-cols_inherit tablets-cols_inherit mobiles-cols_1 valign_top type_default stacking_default\"><div class=\"wpb_column vc_column_container\"><div class=\"vc_column-inner\"><div class=\"wpb_text_column\"><div class=\"wpb_wrapper\"><p>La lumi\u00e8re devient mati\u00e8re, la couleur se transforme en sensation. <strong>Astra<\/strong>, la<strong> collection Printemps\u2013\u00c9t\u00e9 2026<\/strong>, est une invitation \u00e0 ralentir et \u00e0 se laisser guider par l\u2019inspiration. Une ligne de fils qui raconte la saison la plus lumineuse de l\u2019ann\u00e9e \u00e0 travers des nuances pastel, <strong>des reflets d\u00e9licats et des textures l\u00e9g\u00e8res<\/strong>, <strong>capables d\u2019\u00e9voquer \u00e9quilibre<\/strong>, <strong>harmonie et beaut\u00e9 contemporaine<\/strong>. Chaque pelote est pens\u00e9e pour transformer le geste cr\u00e9atif en une exp\u00e9rience sensorielle, o\u00f9 le toucher et le regard dialoguent naturellement.<\/p>\n<h2>Collection Astra : l\u00e9g\u00e8ret\u00e9, couleur et raffinement pour le fait main contemporain<\/h2>\n<p>La collection Astra interpr\u00e8te le fait main moderne \u00e0 travers des fils l\u00e9gers, sophistiqu\u00e9s et agr\u00e9ables \u00e0 travailler, issus d\u2019une s\u00e9lection minutieuse de fibres pr\u00e9cieuses. Le r\u00e9sultat est un \u00e9quilibre parfait entre esth\u00e9tique, confort et fonctionnalit\u00e9, i<strong>d\u00e9al pour cr\u00e9er des pi\u00e8ces d\u2019\u00e9t\u00e9<\/strong>, <strong>des accessoires raffin\u00e9s et des projets faits pour durer<\/strong>. Les couleurs n\u2019envahissent pas, elles enveloppent ; <strong>les textures n\u2019alourdissent pas, elles sugg\u00e8rent<\/strong>. Astra s\u2019adresse \u00e0 celles et ceux qui aiment cr\u00e9er avec intention, en choisissant des mati\u00e8res capables de sublimer chaque maille et chaque d\u00e9tail.<\/p>\n<h2>Nouveaux fils et mod\u00e8les : des inspirations \u00e0 d\u00e9couvrir, des cr\u00e9ations \u00e0 r\u00e9aliser<\/h2>\n<p>La collection propose de nouveaux fils qui racontent l\u2019\u00e9t\u00e9 \u00e0 travers des personnalit\u00e9s diff\u00e9rentes mais compl\u00e9mentaires : de la fra\u00eecheur naturelle du lin m\u00eal\u00e9 \u00e0 la soie, \u00e0 la luminosit\u00e9 \u00e9l\u00e9gante du coton, jusqu\u2019\u00e0 des fils plus structur\u00e9s pens\u00e9s pour des accessoires au caract\u00e8re affirm\u00e9. Pour compl\u00e9ter l\u2019exp\u00e9rience, <strong>une s\u00e9lection de mod\u00e8les gratuits<\/strong>, <strong>disponibles aussi bien au tricot qu\u2019au crochet<\/strong>, con\u00e7us pour mettre en valeur les qualit\u00e9s de chaque fil et transformer l\u2019inspiration en projet concret.<\/p>\n<ul>\n<li><strong>Linilk<\/strong> associe la fra\u00eecheur authentique du lin \u00e0 la douceur pr\u00e9cieuse de la soie, donnant naissance \u00e0 un fil \u00e0 l\u2019allure naturelle et au toucher \u00e9tonnamment \u00e9l\u00e9gant. Id\u00e9al pour des ouvrages a\u00e9riens, des textures l\u00e9g\u00e8res et des pi\u00e8ces estivales essentielles au style contemporain.<\/li>\n<li><strong>Cotton Lux<\/strong> exprime l\u2019\u00e9l\u00e9gance dans sa forme la plus subtile : un fil lumineux, d\u00e9licat et raffin\u00e9, o\u00f9 la l\u00e9g\u00e8ret\u00e9 du coton se traduit par un rendu esth\u00e9tique sophistiqu\u00e9, parfait pour des cr\u00e9ations soign\u00e9es et f\u00e9minines.<\/li>\n<li><strong>Folie Bag<\/strong> apporte \u00e0 la collection une dimension plus audacieuse et moderne : un fil structur\u00e9, textur\u00e9 et r\u00e9sistant, con\u00e7u pour la r\u00e9alisation de sacs et d\u2019accessoires handmade au caract\u00e8re estival affirm\u00e9 et au design actuel.<\/li>\n<\/ul>\n<p><strong>Ce ne sont l\u00e0 que quelques-unes des nouveaut\u00e9s !<\/strong> Explorer toute la collection, c\u2019est entrer dans un univers fait de lumi\u00e8re, de style et de libert\u00e9 cr\u00e9ative \u2014 pelote apr\u00e8s pelote, mod\u00e8le apr\u00e8s mod\u00e8le.<\/p>\n<\/div><\/div><\/div><\/div><\/div><\/div><\/section>\n","protected":false},"excerpt":{"rendered":"La lumi\u00e8re devient mati\u00e8re, la couleur se transforme en sensation. Astra, la collection Printemps\u2013\u00c9t\u00e9 2026, est une invitation \u00e0 ralentir et \u00e0 se laisser guider par l\u2019inspiration. Une ligne de fils qui raconte la saison la plus lumineuse de l\u2019ann\u00e9e \u00e0 travers des nuances pastel, des reflets d\u00e9licats et des textures l\u00e9g\u00e8res, capables d\u2019\u00e9voquer \u00e9quilibre,...","protected":false},"author":3,"featured_media":12014,"comment_status":"closed","ping_status":"closed","sticky":false,"template":"","format":"standard","meta":{"footnotes":""},"categories":[70],"tags":[],"class_list":["post-12013","post","type-post","status-publish","format-standard","has-post-thumbnail","hentry","category-actualites"],"_links":{"self":[{"href":"https:\/\/www.lainesdunord.it\/fr\/wp-json\/wp\/v2\/posts\/12013"}],"collection":[{"href":"https:\/\/www.lainesdunord.it\/fr\/wp-json\/wp\/v2\/posts"}],"about":[{"href":"https:\/\/www.lainesdunord.it\/fr\/wp-json\/wp\/v2\/types\/post"}],"author":[{"embeddable":true,"href":"https:\/\/www.lainesdunord.it\/fr\/wp-json\/wp\/v2\/users\/3"}],"replies":[{"embeddable":true,"href":"https:\/\/www.lainesdunord.it\/fr\/wp-json\/wp\/v2\/comments?post=12013"}],"version-history":[{"count":5,"href":"https:\/\/www.lainesdunord.it\/fr\/wp-json\/wp\/v2\/posts\/12013\/revisions"}],"predecessor-version":[{"id":12019,"href":"https:\/\/www.lainesdunord.it\/fr\/wp-json\/wp\/v2\/posts\/12013\/revisions\/12019"}],"wp:featuredmedia":[{"embeddable":true,"href":"https:\/\/www.lainesdunord.it\/fr\/wp-json\/wp\/v2\/media\/12014"}],"wp:attachment":[{"href":"https:\/\/www.lainesdunord.it\/fr\/wp-json\/wp\/v2\/media?parent=12013"}],"wp:term":[{"taxonomy":"category","embeddable":true,"href":"https:\/\/www.lainesdunord.it\/fr\/wp-json\/wp\/v2\/categories?post=12013"},{"taxonomy":"post_tag","embeddable":true,"href":"https:\/\/www.lainesdunord.it\/fr\/wp-json\/wp\/v2\/tags?post=12013"}],"curies":[{"name":"wp","href":"https:\/\/api.w.org\/{rel}","templated":true}]}}